{"id":2577,"date":"2024-05-06T08:53:45","date_gmt":"2024-05-06T07:53:45","guid":{"rendered":"https:\/\/internetrzeczy.pl\/?p=2577"},"modified":"2024-05-06T08:54:40","modified_gmt":"2024-05-06T07:54:40","slug":"unia-europejska-a-iot","status":"publish","type":"post","link":"https:\/\/internetrzeczy.pl\/?p=2577","title":{"rendered":"Unia Europejska a IoT"},"content":{"rendered":"<p><b>Internet Rzeczy (IoT) umo\u017cliwia \u0142\u0105czenia \u015bwiata fizycznego z wirtualnym. To innowacyjne rozwi\u0105zania do tworzenia inteligentnego \u015brodowiska. Technologie IoT s\u0105 dzi\u015b w czo\u0142\u00f3wce cyfrowej transformacji gospodarki \u015bwiatowej. Dlatego Unia Europejska wsp\u00f3\u0142pracuje z przemys\u0142em, organizacjami i \u015brodowiskiem akademickim by zapewni\u0107 jak najlepsze mo\u017cliwo\u015bci dla rozwoju internetu rzeczy.<\/b><span style=\"font-weight: 400;\"><br \/>\n<\/span><span style=\"font-weight: 400;\"><br \/>\n<\/span><span style=\"font-weight: 400;\">Do 2026 r. liczba zainstalowanych urz\u0105dze\u0144 IoT ma wynie\u015b\u0107 49 mld., a 75 proc. europejskich organizacji ju\u017c teraz planuje inwestowa\u0107 w internet rzeczy. Ma to obni\u017cy\u0107 koszty komunikacji i magazynowania oraz zu\u017cycie energii podczas przetwarzania danych. Stosowanie uczenia maszynowego i sztucznej inteligencji pozwoli te\u017c bezpiecznie identyfikowa\u0107 wzorce danych, kt\u00f3re wp\u0142ywaj\u0105 na procesy wewn\u0105trz firmy.<\/span><\/p>\n<p><span style=\"font-weight: 400;\">Zadaniem Komisji Europejskiej jest przyj\u0119cie zestawu dzia\u0142a\u0144 politycznych, kt\u00f3re b\u0119d\u0105 wspiera\u0107 korzystanie z IoT i uwolni\u0107 jego pe\u0142en potencja\u0142 w Europie.<\/span><\/p>\n<p><b>Programy dofinansowania<\/b><\/p>\n<p><span style=\"font-weight: 400;\">W ramach programu \u201eHoryzont Europa\u201d komisja finansuje projekty IoT i inne dzia\u0142ania w ramach klastra \u201eCyfrowe, Przemys\u0142owe i Przestrzeni Kosmicznej\u201d.\u00a0 Wskazuje przy tym jako jeden z cel\u00f3w: \u201cOd chmury do kraw\u0119dzi do internetu rzeczy\u201d. Na zwi\u0105zane z tym dzia\u0142ania w latach 2021-2022 unia przeznaczy\u0142a 100 mln euro. Wdro\u017cenia tych rozwi\u0105za\u0144 b\u0119d\u0105 trwa\u0142y\u00a0 do 2025 r.<\/span><\/p>\n<p><span style=\"font-weight: 400;\">W tym roku s\u0105 jeszcze przyjmowane wnioski skoncentrowane na badaniach naukowych i innowacjach w kontinuum oblicze\u0144 kognitywnych, a tak\u017ce na pilotowaniu powstaj\u0105cych platform IoT. Projekty te maj\u0105 na celu umo\u017cliwienie wykorzystania internetu rzeczy i technologii brzegowych w wielu sektorach. Wzmocni to wsp\u00f3\u0142prac\u0119 w przemy\u015ble poprzez otwarte platformy, co ma poprowadzi\u0107 Europe w stron\u0119 wiod\u0105cej pozycji w \u201cekosystemie brzegowym\u201d.<\/span><\/p>\n<p><span style=\"font-weight: 400;\">Komisja Europejska b\u0119dzie te\u017c wspiera\u0107 wsp\u00f3\u0142prac\u0119 z Narodow\u0105 Fundacj\u0105 Nauki Stan\u00f3w Zjednoczonych. Ponadto mali i \u015bredni przedsi\u0119biorcy mog\u0105 znale\u017a\u0107 projekty badawcze i innowacyjne rozwi\u0105zania na europejskim portalu Cloud-Edge-IoT. Promowana jest tam wsp\u00f3\u0142praca mi\u0119dzy szerok\u0105 gam\u0105 projekt\u00f3w badawczych, deweloperami i dostawcami, u\u017cytkownikami biznesowymi i potencjalnymi podmiotami wdra\u017caj\u0105cymi.<\/span><\/p>\n<p><b>IoT w gospodarce<\/b><\/p>\n<p><span style=\"font-weight: 400;\">W polityce\u00a0 Komisji Europejskiej dotycz\u0105cej internetu rzeczy pojawia si\u0119 wiele sektor\u00f3w gospodarki. Promowane jest wykorzystanie nowych technologii w celu pobudzenia cyfrowej i ekologicznej transformacji spo\u0142ecze\u0144stwa.<\/span><\/p>\n<p><span style=\"font-weight: 400;\">IoT i technologie cyfrowe s\u0105 kluczowymi czynnikami, kt\u00f3re pozwalaj\u0105 na transformacj\u0119 cyfrow\u0105. Aby to osi\u0105gn\u0105\u0107 Dyrekcja Generalna ds. Sieci Komunikacyjnych, Tre\u015bci i Technologii (DG CONNECT) tworzy dzia\u0142ania we wsp\u00f3\u0142pracy z innymi dyrekcjami generalnymi. Efektem tego s\u0105 r\u00f3\u017cne projekty cyfrowe w ramach klastr\u00f3w \u201eKlimat, energia i mobilno\u015b\u0107\u201d oraz\u201e\u017bywno\u015b\u0107, biogospodarka, zasoby naturalne, rolnictwo i \u015brodowisko\u201d programu \u201eHoryzont Europa\u201d.<\/span><\/p>\n<p><b>Regulacje<\/b><\/p>\n<p><span style=\"font-weight: 400;\">Dyrekcja Generalna ds. Mobilno\u015bci i Dyrekcja Generalna ds. Transportu pracuj\u0105 jednocze\u015bnie nad po\u0142\u0105czeniem mi\u0119dzyeuropejskiej strategii\u00a0 w zakresie danych oraz strategii na rzecz zr\u00f3wnowa\u017conej i inteligentnej mobilno\u015bci. G\u0142\u00f3wny nacisk k\u0142adzie si\u0119 tu na wdro\u017cenie wsp\u00f3lnej europejskiej przestrzeni danych.<\/span><\/p>\n<p><span style=\"font-weight: 400;\">Dyrekcja Generalna ds. Energii (DG ENER) wraz DG CONNECT przygotowuj\u0105 natomiast wdro\u017cenie planu dzia\u0142ania na rzecz cyfryzacji energii. Przyspieszy\u0107 ma to cyfrow\u0105 i zr\u00f3wnowa\u017con\u0105 transformacj\u0119 systemu energetycznego Unii Europejskiej.\u00a0<\/span><\/p>\n<p><span style=\"font-weight: 400;\">Na koniec nale\u017cy wspomnie\u0107 o wsp\u00f3\u0142pracy Dyrekcji Generalnej ds. Rolnictwa i Rozwoju Obszar\u00f3w Wiejskich (DG AGRI) i DG CONNECT, kt\u00f3ra ma prowadzi\u0107 do opracowania wsp\u00f3lnej europejskiej przestrzeni danych dla rolnictwa. Zapewni to cyfrow\u0105 transformacj\u0119 europejskiego przemys\u0142u rolnego. Obecnie dzia\u0142ania w tym zakresie wsp\u00f3\u0142finansowane s\u0105 przez program \u201eHoryzont Europa\u201d. Wsparcie wdro\u017cenia dalszych dzia\u0142a\u0144 odb\u0119dzie si\u0119 w ramach programu \u201eCyfrowa Europa\u201d.<\/span><\/p>\n","protected":false},"excerpt":{"rendered":"<p>Internet Rzeczy (IoT) umo\u017cliwia \u0142\u0105czenia \u015bwiata fizycznego z wirtualnym. To innowacyjne rozwi\u0105zania do tworzenia inteligentnego \u015brodowiska. Technologie IoT s\u0105 dzi\u015b w czo\u0142\u00f3wce cyfrowej transformacji gospodarki \u015bwiatowej. Dlatego Unia Europejska wsp\u00f3\u0142pracuje z przemys\u0142em, organizacjami i \u015brodowiskiem akademickim by zapewni\u0107 jak najlepsze mo\u017cliwo\u015bci dla rozwoju internetu rzeczy. Do 2026 r. liczba zainstalowanych urz\u0105dze\u0144 IoT ma wynie\u015b\u0107 49 [&hellip;]<\/p>\n","protected":false},"author":3,"featured_media":2578,"comment_status":"open","ping_status":"open","sticky":false,"template":"","format":"standard","meta":{"inline_featured_image":false,"fifu_image_url":"","fifu_image_alt":"","footnotes":""},"categories":[7],"tags":[],"class_list":["post-2577","post","type-post","status-publish","format-standard","has-post-thumbnail","hentry","category-administracja"],"_links":{"self":[{"href":"https:\/\/internetrzeczy.pl\/index.php?rest_route=\/wp\/v2\/posts\/2577","targetHints":{"allow":["GET"]}}],"collection":[{"href":"https:\/\/internetrzeczy.pl\/index.php?rest_route=\/wp\/v2\/posts"}],"about":[{"href":"https:\/\/internetrzeczy.pl\/index.php?rest_route=\/wp\/v2\/types\/post"}],"author":[{"embeddable":true,"href":"https:\/\/internetrzeczy.pl\/index.php?rest_route=\/wp\/v2\/users\/3"}],"replies":[{"embeddable":true,"href":"https:\/\/internetrzeczy.pl\/index.php?rest_route=%2Fwp%2Fv2%2Fcomments&post=2577"}],"version-history":[{"count":2,"href":"https:\/\/internetrzeczy.pl\/index.php?rest_route=\/wp\/v2\/posts\/2577\/revisions"}],"predecessor-version":[{"id":2580,"href":"https:\/\/internetrzeczy.pl\/index.php?rest_route=\/wp\/v2\/posts\/2577\/revisions\/2580"}],"wp:featuredmedia":[{"embeddable":true,"href":"https:\/\/internetrzeczy.pl\/index.php?rest_route=\/wp\/v2\/media\/2578"}],"wp:attachment":[{"href":"https:\/\/internetrzeczy.pl\/index.php?rest_route=%2Fwp%2Fv2%2Fmedia&parent=2577"}],"wp:term":[{"taxonomy":"category","embeddable":true,"href":"https:\/\/internetrzeczy.pl\/index.php?rest_route=%2Fwp%2Fv2%2Fcategories&post=2577"},{"taxonomy":"post_tag","embeddable":true,"href":"https:\/\/internetrzeczy.pl\/index.php?rest_route=%2Fwp%2Fv2%2Ftags&post=2577"}],"curies":[{"name":"wp","href":"https:\/\/api.w.org\/{rel}","templated":true}]}}