{"id":1523,"date":"2022-02-20T16:37:29","date_gmt":"2022-02-20T16:37:29","guid":{"rendered":"https:\/\/internetrzeczy.pl\/?p=1523"},"modified":"2022-02-20T17:37:20","modified_gmt":"2022-02-20T17:37:20","slug":"autonomiczny-bus-w-gdansku","status":"publish","type":"post","link":"https:\/\/internetrzeczy.pl\/?p=1523","title":{"rendered":"Autonomiczny bus w Gda\u0144sku"},"content":{"rendered":"<p><b>Autonomiczny bus by\u0142 ju\u017c dwukrotnie testowany w Gda\u0144sku. W 2019 roku wozi\u0142 ludzi do Gda\u0144skiego Ogrodu Zoologicznego, a w 2021 uruchomiony zosta\u0142 na Cmentarzu \u0141ostowickim. Wed\u0142ug zapowiedzi prezydent Gda\u0144ska, docelowo pojazdy tego typu maj\u0105 kursowa\u0107 na obrze\u017cach miasta, pozwalaj\u0105c mieszka\u0144com dalej po\u0142o\u017conych osiedli dojecha\u0107 do najbli\u017cszego przystanku.<\/b><\/p>\n<p><span style=\"font-weight: 400;\">Podczas pierwszych test\u00f3w autonomiczny autobus w Gda\u0144sku przejecha\u0142 632 km i przewi\u00f3z\u0142 3325 os\u00f3b. Wtedy te\u017c, dla bezpiecze\u0144stwa, ca\u0142y czas w poje\u017adzie znajdowa\u0142 si\u0119 operator. Z uwagi na, potwierdzony przeprowadzon\u0105 w\u015br\u00f3d pasa\u017cer\u00f3w ankiet\u0105, sukces test\u00f3w postanowiono eksperyment powt\u00f3rzy\u0107 i poszerzy\u0107 ich zakres.\u00a0<\/span><\/p>\n<p><span style=\"font-weight: 400;\">W okresie od 7 pa\u017adziernika do 12 listopada 2021 r. (opr\u00f3cz samego \u015awi\u0119ta Zmar\u0142ych) bus je\u017adzi\u0142 na Cmentarzu \u0141ostowickim w Gda\u0144sku. By\u0142o to mo\u017cliwe z uwagi na fakt, \u017ce g\u0142\u00f3wna aleja cmentarza posiada status drogi <\/span><span style=\"font-weight: 400;\">publicznej, na kt\u00f3rej mo\u017cna je\u017adzi\u0107 z pr\u0119dko\u015bci\u0105 do 5 km\/h. Co istotne, w czasie test\u00f3w na trasie przejazdu autobusu utrzymany by\u0142 tak\u017ce ruch pieszy i samochodowy, co by\u0142o dodatkowym wyzwaniem dla pojazdu autonomicznego.<\/span><\/p>\n<p><span style=\"font-weight: 400;\">Tym razem pojazd wykona\u0142 450 kurs\u00f3w, przewi\u00f3z\u0142 2017 pasa\u017cer\u00f3w i przejecha\u0142 ponad 989 km.<\/span><\/p>\n<p><span style=\"font-weight: 400;\">Tym razem operator nie by\u0142 obecny w busie. Nadzorowa\u0142 zdalnie widok z kamer i wydawa\u0142 pojazdowi polecenia. W sytuacjach krytycznych m\u00f3g\u0142 prze\u0142\u0105czy\u0107 pojazd na zdalnie sterowanie.\u00a0<\/span><\/p>\n<p><span style=\"font-weight: 400;\">Oba projekty dofinansowane by\u0142y z programu Interreg Region Morza Ba\u0142tyckiego. Opr\u00f3cz test\u00f3w busa miasto odpowiado tak\u017ce za analiz\u0119 prawnych aspekt\u00f3w autonomicznej mobilno\u015bci. Warto te\u017c wspomnie\u0107, \u017ce w 2021 roku projekt Sohjoa Last Mile wdro\u017cy\u0142 te\u017c dwa inne pilota\u017ce. Uczestniczy\u0142y w nich tak\u017ce Kongsberg i Tallin, a g\u0142\u00f3wnym celem test\u00f3w by\u0142o zbadanie mo\u017cliwo\u015bci jazdy busem bez operatora na pok\u0142adzie. Koordynatorem projektu jest Metropolia University of Applied Sciences w Helsinkach (Finlandia).<\/span><\/p>\n<p><span style=\"font-weight: 400;\">W Gda\u0144sku nie oby\u0142o si\u0119 jednak bez problem\u00f3w. G\u0142\u00f3wnym by\u0142o zapewnienie stabilnego \u0142\u0105cza internetowego na ca\u0142ej trasie przejazdu busa. Trzeba by\u0142o korzysta\u0107 z sieci a\u017c czterech dost\u0119pnych w tym rejonie operator\u00f3w poniewa\u017c \u017caden z nich nie m\u00f3g\u0142 zaoferowa\u0107 w pe\u0142ni stabilnego przesy\u0142u danych. Jak czytamy w materia\u0142ach podsumowuj\u0105cych testy, spadek pr\u0119dko\u015bci i jako\u015bci \u0142\u0105cza obserwowano g\u0142\u00f3wnie w godzinach szczytu komunikacyjnego i w weekendy. Pojawia\u0142y si\u0119 w zwi\u0105zku z tym op\u00f3\u017anienia i znaczne obni\u017cenie jako\u015bci transmisji z obrazu kamer, co powodowa\u0142o, \u017ce mo\u017cliwo\u015bci operatora w kwestii oceny sytuacji by\u0142y powa\u017cnie utrudnione.\u00a0<\/span><\/p>\n<p>&nbsp;<\/p>\n<p><span style=\"font-weight: 400;\">Klaudia Wojciechowska<\/span><\/p>\n<p>&nbsp;<\/p>\n","protected":false},"excerpt":{"rendered":"<p>Autonomiczny bus by\u0142 ju\u017c dwukrotnie testowany w Gda\u0144sku. W 2019 roku wozi\u0142 ludzi do Gda\u0144skiego Ogrodu Zoologicznego, a w 2021 uruchomiony zosta\u0142 na Cmentarzu \u0141ostowickim. Wed\u0142ug zapowiedzi prezydent Gda\u0144ska, docelowo pojazdy tego typu maj\u0105 kursowa\u0107 na obrze\u017cach miasta, pozwalaj\u0105c mieszka\u0144com dalej po\u0142o\u017conych osiedli dojecha\u0107 do najbli\u017cszego przystanku. Podczas pierwszych test\u00f3w autonomiczny autobus w Gda\u0144sku przejecha\u0142 [&hellip;]<\/p>\n","protected":false},"author":3,"featured_media":1536,"comment_status":"open","ping_status":"open","sticky":false,"template":"","format":"standard","meta":{"inline_featured_image":false,"fifu_image_url":"","fifu_image_alt":"","footnotes":""},"categories":[7],"tags":[],"class_list":["post-1523","post","type-post","status-publish","format-standard","has-post-thumbnail","hentry","category-administracja"],"_links":{"self":[{"href":"https:\/\/internetrzeczy.pl\/index.php?rest_route=\/wp\/v2\/posts\/1523","targetHints":{"allow":["GET"]}}],"collection":[{"href":"https:\/\/internetrzeczy.pl\/index.php?rest_route=\/wp\/v2\/posts"}],"about":[{"href":"https:\/\/internetrzeczy.pl\/index.php?rest_route=\/wp\/v2\/types\/post"}],"author":[{"embeddable":true,"href":"https:\/\/internetrzeczy.pl\/index.php?rest_route=\/wp\/v2\/users\/3"}],"replies":[{"embeddable":true,"href":"https:\/\/internetrzeczy.pl\/index.php?rest_route=%2Fwp%2Fv2%2Fcomments&post=1523"}],"version-history":[{"count":4,"href":"https:\/\/internetrzeczy.pl\/index.php?rest_route=\/wp\/v2\/posts\/1523\/revisions"}],"predecessor-version":[{"id":2337,"href":"https:\/\/internetrzeczy.pl\/index.php?rest_route=\/wp\/v2\/posts\/1523\/revisions\/2337"}],"wp:featuredmedia":[{"embeddable":true,"href":"https:\/\/internetrzeczy.pl\/index.php?rest_route=\/wp\/v2\/media\/1536"}],"wp:attachment":[{"href":"https:\/\/internetrzeczy.pl\/index.php?rest_route=%2Fwp%2Fv2%2Fmedia&parent=1523"}],"wp:term":[{"taxonomy":"category","embeddable":true,"href":"https:\/\/internetrzeczy.pl\/index.php?rest_route=%2Fwp%2Fv2%2Fcategories&post=1523"},{"taxonomy":"post_tag","embeddable":true,"href":"https:\/\/internetrzeczy.pl\/index.php?rest_route=%2Fwp%2Fv2%2Ftags&post=1523"}],"curies":[{"name":"wp","href":"https:\/\/api.w.org\/{rel}","templated":true}]}}